{"id":6439,"date":"2026-04-06T12:03:37","date_gmt":"2026-04-06T06:33:37","guid":{"rendered":"https:\/\/www.travaux-hebdo.com\/blog\/prix-de-lelectricite-au-japon-pourquoi-est-il-si-eleve"},"modified":"2026-04-06T12:03:37","modified_gmt":"2026-04-06T06:33:37","slug":"prix-de-lelectricite-au-japon-pourquoi-est-il-si-eleve","status":"publish","type":"post","link":"https:\/\/www.travaux-hebdo.com\/blog\/prix-de-lelectricite-au-japon-pourquoi-est-il-si-eleve","title":{"rendered":"Prix de l\u2019\u00e9lectricit\u00e9 au Japon : Pourquoi est-il si \u00e9lev\u00e9 ?"},"content":{"rendered":"<p>Pourquoi les <strong>prix de l&rsquo;\u00e9lectricit\u00e9<\/strong> au Japon continuent-ils d&rsquo;augmenter ? Quels facteurs contribuent \u00e0 ces hausses constantes ? Quel est l&rsquo;impact des conditions m\u00e9t\u00e9orologiques extr\u00eames sur la consommation d&rsquo;\u00e9nergie ?<\/p>\n\n<p>Au cours des derni\u00e8res semaines, une <strong>vague de chaleur<\/strong> sans pr\u00e9c\u00e9dent a provoqu\u00e9 une flamb\u00e9e des prix de l&rsquo;\u00e9lectricit\u00e9 au Japon, avec une augmentation de <strong>24%<\/strong> en un jour et une hausse suppl\u00e9mentaire de <strong>3%<\/strong> subs\u00e9quente. Cette augmentation est attribu\u00e9e \u00e0 une demande accrue caus\u00e9e par l&rsquo;utilisation massive des <strong>climatiseurs<\/strong> en raison des temp\u00e9ratures records atteignant jusqu&rsquo;\u00e0 <strong>38\u00b0C<\/strong>. Les <strong>grilles \u00e9lectriques<\/strong> ont ainsi \u00e9t\u00e9 soumises \u00e0 une pression sans pr\u00e9c\u00e9dent, avec des niveaux de r\u00e9serve tombant \u00e0 <strong>5.97%<\/strong> dans la r\u00e9gion de Tokyo.<\/p>\n\n<p>Les mesures d&rsquo;urgence ont \u00e9t\u00e9 mises en place, entra\u00eenant une augmentation de l&rsquo;offre de <strong>298.9 MW<\/strong> par l&rsquo;op\u00e9rateur JERA, tout en faisant appel \u00e0 plusieurs centrales thermiques. La situation est d&rsquo;autant plus compliqu\u00e9e en raison des incidents techniques ayant affect\u00e9 des unit\u00e9s de production, augmentant la vuln\u00e9rabilit\u00e9 du r\u00e9seau d&rsquo;\u00e9lectricit\u00e9. La gestion de cette crise \u00e9nerg\u00e9tique met en lumi\u00e8re la n\u00e9cessit\u00e9 de r\u00e9formes pour renforcer la r\u00e9silience du r\u00e9seau face aux variations climatiques et aux perturbations de l&rsquo;offre.<\/p>\n\n<figure class=\"is-provider-youtube is-type-video wp-block-embed wp-block-embed-youtube wp-embed-aspect-16-9 wp-has-aspect-ratio\"><div class=\"wp-block-embed__wrapper\">\nhttps:\/\/www.youtube.com\/watch?v=AJNDyZCw050\n<\/div><\/figure>\n\n<h1 class=\"wp-block-heading\">Comment pr\u00e9parer votre domicile face \u00e0 la hausse des prix de l&rsquo;\u00e9lectricit\u00e9 au Japon<\/h1>\n\n<p>Face \u00e0 la r\u00e9cente <strong>augmentation des prix de l&rsquo;\u00e9lectricit\u00e9<\/strong>, il devient essentiel de prendre des mesures concr\u00e8tes pour g\u00e9rer votre consommation d&rsquo;\u00e9nergie. Au Japon, les prix ont r\u00e9cemment connu une hausse significative, en partie \u00e0 cause d&rsquo;une demande accrue lors d&rsquo;une <strong>vague de chaleur extr\u00eame<\/strong>. Cet article propose des strat\u00e9gies pratiques pour minimiser votre facture \u00e9nerg\u00e9tique et adapter votre consommation aux fluctuations du march\u00e9.<\/p>\n\n<div id=\"ez-toc-container\" class=\"ez-toc-v2_0_82_2 counter-hierarchy ez-toc-counter ez-toc-custom ez-toc-container-direction\">\n<div class=\"ez-toc-title-container\">\n<div class=\"ez-toc-title ez-toc-toggle\" style=\"cursor:pointer\">Sommaire : <\/div>\n<span class=\"ez-toc-title-toggle\"><a href=\"#\" class=\"ez-toc-pull-right ez-toc-btn ez-toc-btn-xs ez-toc-btn-default ez-toc-toggle\" aria-label=\"Toggle Table of Content\"><span class=\"ez-toc-js-icon-con\"><span class=\"\"><span class=\"eztoc-hide\" style=\"display:none;\">Toggle<\/span><span class=\"ez-toc-icon-toggle-span\"><svg style=\"fill: #545454;color:#545454\" xmlns=\"http:\/\/www.w3.org\/2000\/svg\" class=\"list-377408\" width=\"20px\" height=\"20px\" viewBox=\"0 0 24 24\" fill=\"none\"><path d=\"M6 6H4v2h2V6zm14 0H8v2h12V6zM4 11h2v2H4v-2zm16 0H8v2h12v-2zM4 16h2v2H4v-2zm16 0H8v2h12v-2z\" fill=\"currentColor\"><\/path><\/svg><svg style=\"fill: #545454;color:#545454\" class=\"arrow-unsorted-368013\" xmlns=\"http:\/\/www.w3.org\/2000\/svg\" width=\"10px\" height=\"10px\" viewBox=\"0 0 24 24\" version=\"1.2\" baseProfile=\"tiny\"><path d=\"M18.2 9.3l-6.2-6.3-6.2 6.3c-.2.2-.3.4-.3.7s.1.5.3.7c.2.2.4.3.7.3h11c.3 0 .5-.1.7-.3.2-.2.3-.5.3-.7s-.1-.5-.3-.7zM5.8 14.7l6.2 6.3 6.2-6.3c.2-.2.3-.5.3-.7s-.1-.5-.3-.7c-.2-.2-.4-.3-.7-.3h-11c-.3 0-.5.1-.7.3-.2.2-.3.5-.3.7s.1.5.3.7z\"\/><\/svg><\/span><\/span><\/span><\/a><\/span><\/div>\n<nav><ul class='ez-toc-list ez-toc-list-level-1 ' ><li class='ez-toc-page-1 ez-toc-heading-level-2'><a class=\"ez-toc-link ez-toc-heading-1\" href=\"https:\/\/www.travaux-hebdo.com\/blog\/prix-de-lelectricite-au-japon-pourquoi-est-il-si-eleve\/#Quelles-sont-les-raisons-derriere-la-hausse-des-prix-de-lelectricite\" >Quelles sont les raisons derri\u00e8re la hausse des prix de l&rsquo;\u00e9lectricit\u00e9 ?<\/a><\/li><li class='ez-toc-page-1 ez-toc-heading-level-2'><a class=\"ez-toc-link ez-toc-heading-2\" href=\"https:\/\/www.travaux-hebdo.com\/blog\/prix-de-lelectricite-au-japon-pourquoi-est-il-si-eleve\/#Comment-adapter-votre-consommation-denergie\" >Comment adapter votre consommation d&rsquo;\u00e9nergie ?<\/a><ul class='ez-toc-list-level-3' ><li class='ez-toc-heading-level-3'><a class=\"ez-toc-link ez-toc-heading-3\" href=\"https:\/\/www.travaux-hebdo.com\/blog\/prix-de-lelectricite-au-japon-pourquoi-est-il-si-eleve\/#1-Optimisez-lutilisation-de-vos-appareils-electromenagers\" >1. Optimisez l&rsquo;utilisation de vos appareils \u00e9lectrom\u00e9nagers<\/a><\/li><li class='ez-toc-page-1 ez-toc-heading-level-3'><a class=\"ez-toc-link ez-toc-heading-4\" href=\"https:\/\/www.travaux-hebdo.com\/blog\/prix-de-lelectricite-au-japon-pourquoi-est-il-si-eleve\/#2-Investissez-dans-des-systemes-de-gestion-de-lenergie\" >2. Investissez dans des syst\u00e8mes de gestion de l&rsquo;\u00e9nergie<\/a><\/li><li class='ez-toc-page-1 ez-toc-heading-level-3'><a class=\"ez-toc-link ez-toc-heading-5\" href=\"https:\/\/www.travaux-hebdo.com\/blog\/prix-de-lelectricite-au-japon-pourquoi-est-il-si-eleve\/#3-Renforcez-lisolation-de-votre-domicile\" >3. Renforcez l&rsquo;isolation de votre domicile<\/a><\/li><\/ul><\/li><li class='ez-toc-page-1 ez-toc-heading-level-2'><a class=\"ez-toc-link ez-toc-heading-6\" href=\"https:\/\/www.travaux-hebdo.com\/blog\/prix-de-lelectricite-au-japon-pourquoi-est-il-si-eleve\/#Quelles-sont-les-mesures-durgence-mises-en-place\" >Quelles sont les mesures d&rsquo;urgence mises en place ?<\/a><\/li><li class='ez-toc-page-1 ez-toc-heading-level-2'><a class=\"ez-toc-link ez-toc-heading-7\" href=\"https:\/\/www.travaux-hebdo.com\/blog\/prix-de-lelectricite-au-japon-pourquoi-est-il-si-eleve\/#Pourquoi-est-il-important-de-surveiller-votre-consommation\" >Pourquoi est-il important de surveiller votre consommation ?<\/a><\/li><li class='ez-toc-page-1 ez-toc-heading-level-2'><a class=\"ez-toc-link ez-toc-heading-8\" href=\"https:\/\/www.travaux-hebdo.com\/blog\/prix-de-lelectricite-au-japon-pourquoi-est-il-si-eleve\/#Tableau-recapitulatif-des-strategies-a-adopter\" >Tableau r\u00e9capitulatif des strat\u00e9gies \u00e0 adopter<\/a><\/li><li class='ez-toc-page-1 ez-toc-heading-level-2'><a class=\"ez-toc-link ez-toc-heading-9\" href=\"https:\/\/www.travaux-hebdo.com\/blog\/prix-de-lelectricite-au-japon-pourquoi-est-il-si-eleve\/#Analyse-des-couts-eleves-de-lelectricite-au-Japon\" >Analyse des co\u00fbts \u00e9lev\u00e9s de l\u2019\u00e9lectricit\u00e9 au Japon<\/a><\/li><\/ul><\/nav><\/div>\n<h2 class=\"wp-block-heading\"><span class=\"ez-toc-section\" id=\"Quelles-sont-les-raisons-derriere-la-hausse-des-prix-de-lelectricite\"><\/span>Quelles sont les raisons derri\u00e8re la hausse des prix de l&rsquo;\u00e9lectricit\u00e9 ?<span class=\"ez-toc-section-end\"><\/span><\/h2>\n\n<p>Les prix de l&rsquo;\u00e9lectricit\u00e9 au Japon ont connu une mont\u00e9e spectaculaire de <strong>3%<\/strong> le 30 juillet, apr\u00e8s une augmentation pr\u00e9c\u00e9dente de <strong>24%<\/strong>. Cette hausse est principalement due \u00e0 une forte demande caus\u00e9e par des temp\u00e9ratures record. Le march\u00e9 a enregistr\u00e9 une augmentation de <strong>2.8%<\/strong> du prix de l&rsquo;\u00e9lectricit\u00e9 sur le march\u00e9 \u00e0 terme, atteignant <strong>17.24 yen\/kWh<\/strong>.<\/p>\n\n<h2 class=\"wp-block-heading\"><span class=\"ez-toc-section\" id=\"Comment-adapter-votre-consommation-denergie\"><\/span>Comment adapter votre consommation d&rsquo;\u00e9nergie ?<span class=\"ez-toc-section-end\"><\/span><\/h2>\n\n<h3 class=\"wp-block-heading\"><span class=\"ez-toc-section\" id=\"1-Optimisez-lutilisation-de-vos-appareils-electromenagers\"><\/span>1. Optimisez l&rsquo;utilisation de vos appareils \u00e9lectrom\u00e9nagers<span class=\"ez-toc-section-end\"><\/span><\/h3>\n\n<p>Choisissez des appareils \u00e0 faible consommation \u00e9nerg\u00e9tique et faites attention aux horaires d&rsquo;utilisation. Pendant les p\u00e9riodes de forte demande, envisagez d&rsquo;utiliser vos appareils \u00e9nergivores en dehors des heures de pointe.<\/p>\n\n<h3 class=\"wp-block-heading\"><span class=\"ez-toc-section\" id=\"2-Investissez-dans-des-systemes-de-gestion-de-lenergie\"><\/span>2. Investissez dans des syst\u00e8mes de gestion de l&rsquo;\u00e9nergie<span class=\"ez-toc-section-end\"><\/span><\/h3>\n\n<p>Utilisez des dispositifs de contr\u00f4le de votre consommation d&rsquo;\u00e9nergie pour suivre votre usage quotidien. Cela vous permettra de rep\u00e9rer les pics de consommation et d&rsquo;ajuster vos habitudes.<\/p>\n\n<h3 class=\"wp-block-heading\"><span class=\"ez-toc-section\" id=\"3-Renforcez-lisolation-de-votre-domicile\"><\/span>3. Renforcez l&rsquo;isolation de votre domicile<span class=\"ez-toc-section-end\"><\/span><\/h3>\n\n<p>Une bonne isolation contribue \u00e0 maintenir une temp\u00e9rature int\u00e9rieure agr\u00e9able, r\u00e9duisant la n\u00e9cessit\u00e9 d&rsquo;utiliser des climatiseurs. V\u00e9rifiez les fen\u00eatres, les portes et les murs pour des fuites d&rsquo;air et utilisez des mat\u00e9riaux isolants si n\u00e9cessaire.<\/p>\n\n<h2 class=\"wp-block-heading\"><span class=\"ez-toc-section\" id=\"Quelles-sont-les-mesures-durgence-mises-en-place\"><\/span>Quelles sont les mesures d&rsquo;urgence mises en place ?<span class=\"ez-toc-section-end\"><\/span><\/h2>\n\n<p>En r\u00e9ponse \u00e0 cette situation d&rsquo;urgence \u00e9nerg\u00e9tique, des fournisseurs comme <em>JERA<\/em> ont pris des mesures pour augmenter leur capacit\u00e9 de production de <strong>298.9 MW<\/strong>. De plus, l&rsquo;Organisation pour la Coordination Transversale des Op\u00e9rateurs de Transmission (OCCTO) a recommand\u00e9 d&rsquo;augmenter l&rsquo;approvisionnement en \u00e9lectricit\u00e9 pour garantir la stabilit\u00e9 du r\u00e9seau. Cela montre l&rsquo;importance d&rsquo;une gestion proactive de l&rsquo;\u00e9nergie.<\/p>\n\n<h2 class=\"wp-block-heading\"><span class=\"ez-toc-section\" id=\"Pourquoi-est-il-important-de-surveiller-votre-consommation\"><\/span>Pourquoi est-il important de surveiller votre consommation ?<span class=\"ez-toc-section-end\"><\/span><\/h2>\n\n<p>La fluctuation des prix de l&rsquo;\u00e9lectricit\u00e9 souligne la vuln\u00e9rabilit\u00e9 des r\u00e9seaux \u00e9nerg\u00e9tiques face aux \u00e9v\u00e9nements climatiques. En surveillant votre consommation, vous pouvez non seulement diminuer vos co\u00fbts, mais aussi contribuer \u00e0 stabiliser le r\u00e9seau \u00e9lectrique pendant des p\u00e9riodes critiques.<\/p>\n\n<h2 class=\"wp-block-heading\"><span class=\"ez-toc-section\" id=\"Tableau-recapitulatif-des-strategies-a-adopter\"><\/span>Tableau r\u00e9capitulatif des strat\u00e9gies \u00e0 adopter<span class=\"ez-toc-section-end\"><\/span><\/h2>\n\n<figure class=\"wp-block-table\"><table>\n<tr>\n<th>Strat\u00e9gies<\/th>\n<th>Description<\/th>\n<\/tr>\n<tr>\n<td>Optimisation des appareils<\/td>\n<td>Utiliser des appareils \u00e0 faible consommation et adapter les horaires d&rsquo;utilisation.<\/td>\n<\/tr>\n<tr>\n<td>Investissement dans des syst\u00e8mes de gestion<\/td>\n<td>Installer des dispositifs pour surveiller et g\u00e9rer la consommation d&rsquo;\u00e9nergie.<\/td>\n<\/tr>\n<tr>\n<td>Isolation<\/td>\n<td>Am\u00e9liorer l&rsquo;isolation du domicile pour r\u00e9duire la d\u00e9pendance au chauffage et \u00e0 la climatisation.<\/td>\n<\/tr>\n<tr>\n<td>Surveillance de la consommation<\/td>\n<td>\u00catre attentif aux fluctuations et ajuster sa consommation en cons\u00e9quence.<\/td>\n<\/tr>\n<\/table><\/figure>\n\n<figure class=\"wp-block-table\"><table>\n<tr>\n<th>Facteurs<\/th>\n<th>Impact sur les prix<\/th>\n<\/tr>\n<tr>\n<td>Demande accrue durant les vagues de chaleur<\/td>\n<td>Augmentation des prix en raison de l&rsquo;utilisation excessive des climatiseurs.<\/td>\n<\/tr>\n<tr>\n<td>Capacit\u00e9 de r\u00e9serve faible<\/td>\n<td>Risque d&rsquo;interruptions de services, augmentant ainsi les co\u00fbts.<\/td>\n<\/tr>\n<tr>\n<td>Incidents techniques<\/td>\n<td>Pannes d&rsquo;unit\u00e9s de production entra\u00eenant une r\u00e9duction de l&rsquo;offre.<\/td>\n<\/tr>\n<tr>\n<td>Augmentation des co\u00fbts de production<\/td>\n<td>Augmentation des investissements pour maintenir et moderniser les infrastructures.<\/td>\n<\/tr>\n<tr>\n<td>D\u00e9pendance aux \u00e9nergies fossiles<\/td>\n<td>Variation des prix du gaz naturel et du charbon influen\u00e7ant les tarifs.<\/td>\n<\/tr>\n<tr>\n<td>Investissements limit\u00e9s dans les renouvelables<\/td>\n<td>Manque de diversification des sources d&rsquo;\u00e9nergie entra\u00eenant une vuln\u00e9rabilit\u00e9 accrue.<\/td>\n<\/tr>\n<tr>\n<td>R\u00e9glementations gouvernementales<\/td>\n<td>Co\u00fbts associ\u00e9s \u00e0 la mise en conformit\u00e9 avec des normes environnementales.<\/td>\n<\/tr>\n<\/table><\/figure>\n\n<h2 class=\"wp-block-heading\"><span class=\"ez-toc-section\" id=\"Analyse-des-couts-eleves-de-lelectricite-au-Japon\"><\/span>Analyse des co\u00fbts \u00e9lev\u00e9s de l\u2019\u00e9lectricit\u00e9 au Japon<span class=\"ez-toc-section-end\"><\/span><\/h2>\n\n<p>Les prix de l\u2019\u00e9lectricit\u00e9 au Japon ont connu une augmentation significative, en grande partie \u00e0 cause de la demande \u00e9nerg\u00e9tique accrue due \u00e0 des conditions climatiques extr\u00eames, notamment des vagues de chaleur record. Ces circonstances engendrent une consommation massive d&rsquo;\u00e9lectricit\u00e9, notamment pour le refroidissement des habitations et des bureaux, ce qui place le syst\u00e8me \u00e9lectrique japonais sous une forte pression.<\/p>\n\n<p>Un autre facteur important \u00e0 consid\u00e9rer est la structure du march\u00e9 de l\u2019\u00e9lectricit\u00e9 au Japon. Le pays d\u00e9pend encore largement des combustibles fossiles, comme le charbon et le gaz, pour sa production d&rsquo;\u00e9nergie. Bien que le Japon ait investi dans les \u00e9nergies renouvelables, la transition n&rsquo;est pas encore suffisante pour compenser les co\u00fbts li\u00e9s aux combustibles import\u00e9s, ce qui alimente la hausse des tarifs.<\/p>\n\n<p>Les incidents techniques, tels que la fermeture temporaire de certaines unit\u00e9s de production, affectent \u00e9galement la capacit\u00e9 d\u2019approvisionnement et entra\u00eenent des hausses de prix. Les fournisseurs d&rsquo;\u00e9lectricit\u00e9 sont mis \u00e0 l&rsquo;\u00e9preuve pour maintenir un \u00e9quilibre entre l\u2019offre et la demande, surtout en p\u00e9riode de forte chaleur. La n\u00e9cessit\u00e9 d&rsquo;augmenter la production pour \u00e9viter des coupures d&rsquo;\u00e9lectricit\u00e9 souvent conduit \u00e0 des co\u00fbts suppl\u00e9mentaires, qui sont ensuite r\u00e9percut\u00e9s sur les consommateurs.<\/p>\n\n<p> Enfin, la gestion de la crise \u00e9nerg\u00e9tique actuelle soul\u00e8ve des questions concernant l\u2019avenir du r\u00e9seau \u00e9lectrique japonais. La n\u00e9cessit\u00e9 de r\u00e9former les r\u00e9gulations et d&rsquo;am\u00e9liorer les infrastructures afin de rendre le syst\u00e8me plus r\u00e9silient face aux variations climatiques est mise en avant. Le d\u00e9fi reste d&rsquo;assurer une fourniture d&rsquo;\u00e9lectricit\u00e9 fiable tout en garantissant des tarifs abordables pour les consommateurs sur le long terme.<\/p>\n\n","protected":false},"excerpt":{"rendered":"<p>Pourquoi les prix de l&rsquo;\u00e9lectricit\u00e9 au Japon continuent-ils d&rsquo;augmenter ? Quels facteurs contribuent \u00e0 ces hausses constantes ? Quel est [&hellip;]<\/p>\n","protected":false},"author":7,"featured_media":0,"comment_status":"open","ping_status":"close","sticky":false,"template":"","format":"standard","meta":{"site-sidebar-layout":"default","site-content-layout":"","ast-site-content-layout":"default","site-content-style":"default","site-sidebar-style":"default","ast-global-header-display":"","ast-banner-title-visibility":"","ast-main-header-display":"","ast-hfb-above-header-display":"","ast-hfb-below-header-display":"","ast-hfb-mobile-header-display":"","site-post-title":"","ast-breadcrumbs-content":"","ast-featured-img":"","footer-sml-layout":"","ast-disable-related-posts":"","theme-transparent-header-meta":"","adv-header-id-meta":"","stick-header-meta":"","header-above-stick-meta":"","header-main-stick-meta":"","header-below-stick-meta":"","astra-migrate-meta-layouts":"default","ast-page-background-enabled":"default","ast-page-background-meta":{"desktop":{"background-color":"var(--ast-global-color-4)","background-image":"","background-repeat":"repeat","background-position":"center center","background-size":"auto","background-attachment":"scroll","background-type":"","background-media":"","overlay-type":"","overlay-color":"","overlay-opacity":"","overlay-gradient":""},"tablet":{"background-color":"","background-image":"","background-repeat":"repeat","background-position":"center center","background-size":"auto","background-attachment":"scroll","background-type":"","background-media":"","overlay-type":"","overlay-color":"","overlay-opacity":"","overlay-gradient":""},"mobile":{"background-color":"","background-image":"","background-repeat":"repeat","background-position":"center center","background-size":"auto","background-attachment":"scroll","background-type":"","background-media":"","overlay-type":"","overlay-color":"","overlay-opacity":"","overlay-gradient":""}},"ast-content-background-meta":{"desktop":{"background-color":"var(--ast-global-color-5)","background-image":"","background-repeat":"repeat","background-position":"center center","background-size":"auto","background-attachment":"scroll","background-type":"","background-media":"","overlay-type":"","overlay-color":"","overlay-opacity":"","overlay-gradient":""},"tablet":{"background-color":"var(--ast-global-color-5)","background-image":"","background-repeat":"repeat","background-position":"center center","background-size":"auto","background-attachment":"scroll","background-type":"","background-media":"","overlay-type":"","overlay-color":"","overlay-opacity":"","overlay-gradient":""},"mobile":{"background-color":"var(--ast-global-color-5)","background-image":"","background-repeat":"repeat","background-position":"center center","background-size":"auto","background-attachment":"scroll","background-type":"","background-media":"","overlay-type":"","overlay-color":"","overlay-opacity":"","overlay-gradient":""}},"footnotes":""},"categories":[1537],"tags":[],"class_list":["post-6439","post","type-post","status-publish","format-standard","hentry","category-chauffage-electricite"],"_links":{"self":[{"href":"https:\/\/www.travaux-hebdo.com\/blog\/wp-json\/wp\/v2\/posts\/6439","targetHints":{"allow":["GET"]}}],"collection":[{"href":"https:\/\/www.travaux-hebdo.com\/blog\/wp-json\/wp\/v2\/posts"}],"about":[{"href":"https:\/\/www.travaux-hebdo.com\/blog\/wp-json\/wp\/v2\/types\/post"}],"author":[{"embeddable":true,"href":"https:\/\/www.travaux-hebdo.com\/blog\/wp-json\/wp\/v2\/users\/7"}],"replies":[{"embeddable":true,"href":"https:\/\/www.travaux-hebdo.com\/blog\/wp-json\/wp\/v2\/comments?post=6439"}],"version-history":[{"count":0,"href":"https:\/\/www.travaux-hebdo.com\/blog\/wp-json\/wp\/v2\/posts\/6439\/revisions"}],"wp:attachment":[{"href":"https:\/\/www.travaux-hebdo.com\/blog\/wp-json\/wp\/v2\/media?parent=6439"}],"wp:term":[{"taxonomy":"category","embeddable":true,"href":"https:\/\/www.travaux-hebdo.com\/blog\/wp-json\/wp\/v2\/categories?post=6439"},{"taxonomy":"post_tag","embeddable":true,"href":"https:\/\/www.travaux-hebdo.com\/blog\/wp-json\/wp\/v2\/tags?post=6439"}],"curies":[{"name":"wp","href":"https:\/\/api.w.org\/{rel}","templated":true}]}}