{"id":6429,"date":"2026-03-20T12:01:32","date_gmt":"2026-03-20T06:31:32","guid":{"rendered":"https:\/\/www.travaux-hebdo.com\/blog\/reduction-gaz-et-electricite-comment-payer-moins-cher-en-2025"},"modified":"2026-03-20T12:01:32","modified_gmt":"2026-03-20T06:31:32","slug":"reduction-gaz-et-electricite-comment-payer-moins-cher-en-2025","status":"publish","type":"post","link":"https:\/\/www.travaux-hebdo.com\/blog\/reduction-gaz-et-electricite-comment-payer-moins-cher-en-2025","title":{"rendered":"R\u00e9duction gaz et \u00e9lectricit\u00e9 : Comment payer moins cher en 2025 ?"},"content":{"rendered":"<p>Comment r\u00e9duire vos factures de gaz et d&rsquo;\u00e9lectricit\u00e9 en 2025 ? Quelles strat\u00e9gies peuvent vous aider \u00e0 diminuer vos d\u00e9penses \u00e9nerg\u00e9tiques ? Quelles sont les alternatives disponibles pour faire des \u00e9conomies sur votre consommation d&rsquo;\u00e9nergie ?<\/p>\n\n<p>En 2025, il sera possible de <strong>r\u00e9duire vos co\u00fbts \u00e9nerg\u00e9tiques<\/strong> gr\u00e2ce \u00e0 une meilleure compr\u00e9hension des diff\u00e9rents tarifs et options disponibles. Les abonnements \u00e0 des <strong>fournisseurs d&rsquo;\u00e9nergie comp\u00e9titifs<\/strong> peuvent offrir des prix plus bas. De plus, l&rsquo;\u00e9volution vers les \u00e9nergies <strong>renouvelables<\/strong> repr\u00e9sente une alternative int\u00e9ressante pour diminuer sa d\u00e9pendance aux \u00e9nergies fossiles. L&rsquo;installation de syst\u00e8mes de <strong>chauffage \u00e9conomique<\/strong> ou d&rsquo;appareils \u00e0 <strong>haute efficacit\u00e9 \u00e9nerg\u00e9tique<\/strong> contribuera \u00e9galement \u00e0 une consommation plus ma\u00eetris\u00e9e. Enfin, adopter des comportements \u00e9co-responsables et utiliser des technologies intelligentes pour g\u00e9rer la consommation domestique permettra d\u2019optimiser les d\u00e9penses. En mettant en \u0153uvre ces strat\u00e9gies, il sera possible de b\u00e9n\u00e9ficier d&rsquo;une facture \u00e9nerg\u00e9tique r\u00e9duite tout en respectant l&rsquo;environnement.<\/p>\n\n<figure class=\"is-provider-youtube is-type-video wp-block-embed wp-block-embed-youtube wp-embed-aspect-16-9 wp-has-aspect-ratio\"><div class=\"wp-block-embed__wrapper\">\n<iframe title=\"Meilleur Fournisseur d&#039;\u00c9lectricit\u00e9 et Gaz : Apr\u00e8s comparatif, j&#039;ai trouv\u00e9 le meilleur distributeur !\" width=\"500\" height=\"281\" src=\"https:\/\/www.youtube.com\/embed\/27s9VXVvue0?feature=oembed\" frameborder=\"0\" allow=\"accelerometer; autoplay; clipboard-write; encrypted-media; gyroscope; picture-in-picture; web-share\" referrerpolicy=\"strict-origin-when-cross-origin\" allowfullscreen><\/iframe>\n<\/div><\/figure>\n\n<h1 class=\"wp-block-heading\">Comment optimiser votre consommation \u00e9lectrique : astuces pratiques<\/h1>\n\n<p>\u00cates-vous \u00e0 la recherche de solutions pour r\u00e9duire votre consommation d&rsquo;\u00e9nergie et \u00e9conomiser sur vos factures? Cet article vous propose des <strong>astuces pratiques<\/strong> et applicables pour ma\u00eetriser votre consommation \u00e9lectrique, tout en respectant l&rsquo;environnement.<\/p>\n\n<div id=\"ez-toc-container\" class=\"ez-toc-v2_0_82_2 counter-hierarchy ez-toc-counter ez-toc-custom ez-toc-container-direction\">\n<div class=\"ez-toc-title-container\">\n<div class=\"ez-toc-title ez-toc-toggle\" style=\"cursor:pointer\">Sommaire : <\/div>\n<span class=\"ez-toc-title-toggle\"><a href=\"#\" class=\"ez-toc-pull-right ez-toc-btn ez-toc-btn-xs ez-toc-btn-default ez-toc-toggle\" aria-label=\"Toggle Table of Content\"><span class=\"ez-toc-js-icon-con\"><span class=\"\"><span class=\"eztoc-hide\" style=\"display:none;\">Toggle<\/span><span class=\"ez-toc-icon-toggle-span\"><svg style=\"fill: #545454;color:#545454\" xmlns=\"http:\/\/www.w3.org\/2000\/svg\" class=\"list-377408\" width=\"20px\" height=\"20px\" viewBox=\"0 0 24 24\" fill=\"none\"><path d=\"M6 6H4v2h2V6zm14 0H8v2h12V6zM4 11h2v2H4v-2zm16 0H8v2h12v-2zM4 16h2v2H4v-2zm16 0H8v2h12v-2z\" fill=\"currentColor\"><\/path><\/svg><svg style=\"fill: #545454;color:#545454\" class=\"arrow-unsorted-368013\" xmlns=\"http:\/\/www.w3.org\/2000\/svg\" width=\"10px\" height=\"10px\" viewBox=\"0 0 24 24\" version=\"1.2\" baseProfile=\"tiny\"><path d=\"M18.2 9.3l-6.2-6.3-6.2 6.3c-.2.2-.3.4-.3.7s.1.5.3.7c.2.2.4.3.7.3h11c.3 0 .5-.1.7-.3.2-.2.3-.5.3-.7s-.1-.5-.3-.7zM5.8 14.7l6.2 6.3 6.2-6.3c.2-.2.3-.5.3-.7s-.1-.5-.3-.7c-.2-.2-.4-.3-.7-.3h-11c-.3 0-.5.1-.7.3-.2.2-.3.5-.3.7s.1.5.3.7z\"\/><\/svg><\/span><\/span><\/span><\/a><\/span><\/div>\n<nav><ul class='ez-toc-list ez-toc-list-level-1 ' ><li class='ez-toc-page-1 ez-toc-heading-level-2'><a class=\"ez-toc-link ez-toc-heading-1\" href=\"https:\/\/www.travaux-hebdo.com\/blog\/reduction-gaz-et-electricite-comment-payer-moins-cher-en-2025\/#Points-cles-a-retenir\" >Points cl\u00e9s \u00e0 retenir<\/a><\/li><li class='ez-toc-page-1 ez-toc-heading-level-2'><a class=\"ez-toc-link ez-toc-heading-2\" href=\"https:\/\/www.travaux-hebdo.com\/blog\/reduction-gaz-et-electricite-comment-payer-moins-cher-en-2025\/#Quels-appareils-eviter\" >Quels appareils \u00e9viter ?<\/a><\/li><li class='ez-toc-page-1 ez-toc-heading-level-2'><a class=\"ez-toc-link ez-toc-heading-3\" href=\"https:\/\/www.travaux-hebdo.com\/blog\/reduction-gaz-et-electricite-comment-payer-moins-cher-en-2025\/#Comment-choisir-des-equipements-economes\" >Comment choisir des \u00e9quipements \u00e9conomes ?<\/a><ul class='ez-toc-list-level-3' ><li class='ez-toc-heading-level-3'><a class=\"ez-toc-link ez-toc-heading-4\" href=\"https:\/\/www.travaux-hebdo.com\/blog\/reduction-gaz-et-electricite-comment-payer-moins-cher-en-2025\/#Quelles-methodes-pour-mesurer-votre-consommation-electrique\" >Quelles m\u00e9thodes pour mesurer votre consommation \u00e9lectrique ?<\/a><\/li><\/ul><\/li><li class='ez-toc-page-1 ez-toc-heading-level-2'><a class=\"ez-toc-link ez-toc-heading-5\" href=\"https:\/\/www.travaux-hebdo.com\/blog\/reduction-gaz-et-electricite-comment-payer-moins-cher-en-2025\/#Comment-economiser-sans-prise-electrique\" >Comment \u00e9conomiser sans prise \u00e9lectrique ?<\/a><\/li><li class='ez-toc-page-1 ez-toc-heading-level-2'><a class=\"ez-toc-link ez-toc-heading-6\" href=\"https:\/\/www.travaux-hebdo.com\/blog\/reduction-gaz-et-electricite-comment-payer-moins-cher-en-2025\/#Des-astuces-pour-economiser-sur-votre-television\" >Des astuces pour \u00e9conomiser sur votre t\u00e9l\u00e9vision<\/a><\/li><li class='ez-toc-page-1 ez-toc-heading-level-2'><a class=\"ez-toc-link ez-toc-heading-7\" href=\"https:\/\/www.travaux-hebdo.com\/blog\/reduction-gaz-et-electricite-comment-payer-moins-cher-en-2025\/#Tableau-recapitulatif-des-astuces\" >Tableau r\u00e9capitulatif des astuces<\/a><\/li><li class='ez-toc-page-1 ez-toc-heading-level-2'><a class=\"ez-toc-link ez-toc-heading-8\" href=\"https:\/\/www.travaux-hebdo.com\/blog\/reduction-gaz-et-electricite-comment-payer-moins-cher-en-2025\/#Reduction-des-couts-de-gaz-et-delectricite-en-2025\" >R\u00e9duction des co\u00fbts de gaz et d&rsquo;\u00e9lectricit\u00e9 en 2025<\/a><\/li><li class='ez-toc-page-1 ez-toc-heading-level-2'><a class=\"ez-toc-link ez-toc-heading-9\" href=\"https:\/\/www.travaux-hebdo.com\/blog\/reduction-gaz-et-electricite-comment-payer-moins-cher-en-2025\/#Optimisation-des-Couts-Energetiques-Strategies-pour-Economiser-en-2025\" >Optimisation des Co\u00fbts \u00c9nerg\u00e9tiques : Strat\u00e9gies pour \u00c9conomiser en 2025<\/a><\/li><\/ul><\/nav><\/div>\n<h2 class=\"wp-block-heading\"><span class=\"ez-toc-section\" id=\"Points-cles-a-retenir\"><\/span>Points cl\u00e9s \u00e0 retenir<span class=\"ez-toc-section-end\"><\/span><\/h2>\n\n<ul class=\"wp-block-list\"><li><strong>\u00c9vitez les appareils \u00e9nergivores<\/strong><\/li><li><strong>Optez pour des \u00e9quipements \u00e9conomes<\/strong><\/li><li><strong>Mesurez votre consommation<\/strong><\/li><\/ul>\n\n<h2 class=\"wp-block-heading\"><span class=\"ez-toc-section\" id=\"Quels-appareils-eviter\"><\/span>Quels appareils \u00e9viter ?<span class=\"ez-toc-section-end\"><\/span><\/h2>\n\n<p>Il est essentiel d&rsquo;identifier les appareils qui consomment le plus d&rsquo;\u00e9nergie. En effet, certains \u00e9quipements \u00e9lectrom\u00e9nagers, comme les <strong>r\u00e9frig\u00e9rateurs anciens<\/strong> ou les <strong>chauffages \u00e9lectriques<\/strong>, peuvent faire grimper votre facture. Privil\u00e9giez, par exemple, un <a href=\"https:\/\/www.travaux-hebdo.com\/blog\/poele-mixte-sans-electricite-comment-ca-marche-et-pourquoi-ladopter\">po\u00eale mixte<\/a> qui offre une alternative efficace sans \u00e9lectricit\u00e9.<\/p>\n\n<h2 class=\"wp-block-heading\"><span class=\"ez-toc-section\" id=\"Comment-choisir-des-equipements-economes\"><\/span>Comment choisir des \u00e9quipements \u00e9conomes ?<span class=\"ez-toc-section-end\"><\/span><\/h2>\n\n<p>Lors de l&rsquo;achat d&rsquo;appareils, r\u00e9f\u00e9rez-vous \u00e0 l&rsquo;\u00e9tiquette \u00e9nerg\u00e9tique. Les appareils class\u00e9s <strong>A+<\/strong> ou <strong>A+++ <\/strong> sont con\u00e7us pour consommer moins d&rsquo;\u00e9lectricit\u00e9. De plus, vous pouvez vous renseigner sur les <a href=\"https:\/\/www.travaux-hebdo.com\/blog\/les-meilleures-hottes-sans-electricite-pour-une-cuisine-ecologique\">hottes sans \u00e9lectricit\u00e9<\/a> pour vos cuisines, une option \u00e9cologique \u00e0 consid\u00e9rer.<\/p>\n\n<h3 class=\"wp-block-heading\"><span class=\"ez-toc-section\" id=\"Quelles-methodes-pour-mesurer-votre-consommation-electrique\"><\/span>Quelles m\u00e9thodes pour mesurer votre consommation \u00e9lectrique ?<span class=\"ez-toc-section-end\"><\/span><\/h3>\n\n<p>Utilisez des outils pour suivre votre consommation. Un <a href=\"https:\/\/www.travaux-hebdo.com\/blog\/mesurer-lelectricite-quels-outils-et-methodes-utiliser\">compteur \u00e9lectrique<\/a> intelligent vous permet de visualiser votre d\u00e9pense en temps r\u00e9el et ainsi d\u2019ajuster vos comportements.<\/p>\n\n<h2 class=\"wp-block-heading\"><span class=\"ez-toc-section\" id=\"Comment-economiser-sans-prise-electrique\"><\/span>Comment \u00e9conomiser sans prise \u00e9lectrique ?<span class=\"ez-toc-section-end\"><\/span><\/h2>\n\n<p>Il existe des solutions pour \u00e9clairer vos espaces sans utiliser d&rsquo;\u00e9lectricit\u00e9. En utilisant des <a href=\"https:\/\/www.travaux-hebdo.com\/blog\/survie-et-eclairage-comment-illuminer-une-piece-sans-prise-electrique\">lampes \u00e0 \u00e9nergie solaire<\/a> ou des bougies, vous r\u00e9duisez votre d\u00e9pendance aux prises \u00e9lectriques tout en cr\u00e9ant une ambiance chaleureuse.<\/p>\n\n<h2 class=\"wp-block-heading\"><span class=\"ez-toc-section\" id=\"Des-astuces-pour-economiser-sur-votre-television\"><\/span>Des astuces pour \u00e9conomiser sur votre t\u00e9l\u00e9vision<span class=\"ez-toc-section-end\"><\/span><\/h2>\n\n<p>La t\u00e9l\u00e9vision fait partie des appareils \u00e9lectrom\u00e9nagers que l&rsquo;on utilise quotidiennement. Pour \u00e9conomiser, pensez \u00e0 \u00e9teindre votre \u00e9cran compl\u00e8tement plut\u00f4t que d&rsquo;utiliser le mode veille. Consultez nos <a href=\"https:\/\/www.travaux-hebdo.com\/blog\/consommation-electrique-tv-astuces-pour-economiser\">astuces pour \u00e9conomiser<\/a> sur la consommation \u00e9lectrique lorsque vous regardez la t\u00e9l\u00e9vision.<\/p>\n\n<h2 class=\"wp-block-heading\"><span class=\"ez-toc-section\" id=\"Tableau-recapitulatif-des-astuces\"><\/span>Tableau r\u00e9capitulatif des astuces<span class=\"ez-toc-section-end\"><\/span><\/h2>\n\n<figure class=\"wp-block-table\"><table>\n<tr>\n<th>Astuces<\/th>\n<th>D\u00e9tails<\/th>\n<\/tr>\n<tr>\n<td>\u00c9viter les appareils \u00e9nergivores<\/td>\n<td>Identifier et remplacer les appareils anciens<\/td>\n<\/tr>\n<tr>\n<td>Choisir des \u00e9quipements \u00e9conomes<\/td>\n<td>Privil\u00e9gier les appareils class\u00e9s A+<\/td>\n<\/tr>\n<tr>\n<td>Mesurer sa consommation<\/td>\n<td>Utiliser des compteurs intelligents<\/td>\n<\/tr>\n<tr>\n<td>\u00c9clairage alternatif<\/td>\n<td>Utiliser des lampes solaires ou bougies<\/td>\n<\/tr>\n<tr>\n<td>\u00c9conomiser avec la t\u00e9l\u00e9vision<\/td>\n<td>\u00c9teindre compl\u00e8tement l&rsquo;appareil<\/td>\n<\/tr>\n<\/table><\/figure>\n\n<h2 class=\"wp-block-heading\"><span class=\"ez-toc-section\" id=\"Reduction-des-couts-de-gaz-et-delectricite-en-2025\"><\/span>R\u00e9duction des co\u00fbts de gaz et d&rsquo;\u00e9lectricit\u00e9 en 2025<span class=\"ez-toc-section-end\"><\/span><\/h2>\n\n<figure class=\"wp-block-table\"><table>\n<tr>\n<th>M\u00e9thode<\/th>\n<th>Description<\/th>\n<\/tr>\n<tr>\n<td>Comparer les fournisseurs<\/td>\n<td>Utiliser des plateformes de comparaison pour trouver des offres plus comp\u00e9titives.<\/td>\n<\/tr>\n<tr>\n<td>Opter pour un contrat \u00e0 prix fixe<\/td>\n<td>\u00c9viter les fluctuations de prix en choisissant un tarif fixe sur plusieurs ann\u00e9es.<\/td>\n<\/tr>\n<tr>\n<td>Conso responsable<\/td>\n<td>Ajuster les habitudes de consommation pour r\u00e9duire les factures.<\/td>\n<\/tr>\n<tr>\n<td>\u00c9nergie renouvelable<\/td>\n<td>Envisager les fournisseurs d&rsquo;\u00e9nergie verte qui peuvent offrir des tarifs attractifs.<\/td>\n<\/tr>\n<tr>\n<td>Aides et subventions<\/td>\n<td>Se renseigner sur les aides gouvernementales pour les travaux d&rsquo;\u00e9conomie d&rsquo;\u00e9nergie.<\/td>\n<\/tr>\n<tr>\n<td>Installer des \u00e9quipements \u00e9conomes<\/td>\n<td>Investir dans des appareils class\u00e9s A+++ pour diminuer la consommation.<\/td>\n<\/tr>\n<tr>\n<td>Smart home<\/td>\n<td>Utiliser des syst\u00e8mes de domotique pour optimiser la gestion \u00e9nerg\u00e9tique.<\/td>\n<\/tr>\n<\/table><\/figure>\n\n<h2 class=\"wp-block-heading\"><span class=\"ez-toc-section\" id=\"Optimisation-des-Couts-Energetiques-Strategies-pour-Economiser-en-2025\"><\/span>Optimisation des Co\u00fbts \u00c9nerg\u00e9tiques : Strat\u00e9gies pour \u00c9conomiser en 2025<span class=\"ez-toc-section-end\"><\/span><\/h2>\n\n<p>En 2025, la ma\u00eetrise des d\u00e9penses en gaz et \u00e9lectricit\u00e9 sera sans aucun doute une priorit\u00e9 pour de nombreux m\u00e9nages et entreprises. Les fluctuations des prix de l&rsquo;\u00e9nergie rendent n\u00e9cessaire une r\u00e9flexion approfondie sur les moyens de r\u00e9duire les factures mensuelles. Commencer par choisir des fournisseurs d&rsquo;\u00e9nergie comp\u00e9titifs peut grandement influencer les \u00e9conomies r\u00e9alis\u00e9es. Les comparateurs de tarifs en ligne offrent une vue d&rsquo;ensemble des diff\u00e9rentes options disponibles sur le march\u00e9, permettant ainsi de s\u00e9lectionner la plus avantageuse.<\/p>\n\n<p>La transition vers des \u00e9quipements \u00e0 faible consommation d\u2019\u00e9nergie se r\u00e9v\u00e8le \u00e9galement \u00eatre une strat\u00e9gie essentielle. Opter pour des appareils \u00e9lectrom\u00e9nagers de classe \u00e9nerg\u00e9tique A+++ ou investir dans des syst\u00e8mes de chauffage et de climatisation modernes peut r\u00e9duire significativement les co\u00fbts de consommation. En outre, l&rsquo;utilisation de r\u00e9gulateurs de temp\u00e9rature et de minuteries pour g\u00e9rer la consommation au quotidien peut contribuer \u00e0 des \u00e9conomies appr\u00e9ciables.<\/p>\n\n<p>Les \u00e9nergies renouvelables affirment leur place sur le march\u00e9 de l&rsquo;\u00e9nergie. L&rsquo;installation de panneaux solaires, par exemple, permet non seulement de r\u00e9duire les factures d&rsquo;\u00e9lectricit\u00e9, mais s&rsquo;inscrit \u00e9galement dans une d\u00e9marche \u00e9cologique et durable. De plus, des aides financi\u00e8res sont souvent disponibles pour encourager ces investissements, ce qui les rend plus accessibles.<\/p>\n\n<p>Enfin, il convient de ne pas n\u00e9gliger l&rsquo;importance de la sensibilisation \u00e0 la gestion de l&rsquo;\u00e9nergie au sein des foyers. Des gestes simples comme \u00e9teindre les lumi\u00e8res inutiles, d\u00e9brancher les appareils en veille ou optimiser l&rsquo;utilisation des appareils \u00e9lectrom\u00e9nagers aux heures creuses peuvent contribuer \u00e0 r\u00e9duire les consommations. En int\u00e9grant ces pratiques au quotidien, chaque consommateur a la possibilit\u00e9 de participer activement \u00e0 la r\u00e9duction de ses factures d&rsquo;\u00e9nergie.<\/p>\n\n","protected":false},"excerpt":{"rendered":"<p>Comment r\u00e9duire vos factures de gaz et d&rsquo;\u00e9lectricit\u00e9 en 2025 ? Quelles strat\u00e9gies peuvent vous aider \u00e0 diminuer vos d\u00e9penses [&hellip;]<\/p>\n","protected":false},"author":7,"featured_media":0,"comment_status":"open","ping_status":"close","sticky":false,"template":"","format":"standard","meta":{"site-sidebar-layout":"default","site-content-layout":"","ast-site-content-layout":"default","site-content-style":"default","site-sidebar-style":"default","ast-global-header-display":"","ast-banner-title-visibility":"","ast-main-header-display":"","ast-hfb-above-header-display":"","ast-hfb-below-header-display":"","ast-hfb-mobile-header-display":"","site-post-title":"","ast-breadcrumbs-content":"","ast-featured-img":"","footer-sml-layout":"","ast-disable-related-posts":"","theme-transparent-header-meta":"","adv-header-id-meta":"","stick-header-meta":"","header-above-stick-meta":"","header-main-stick-meta":"","header-below-stick-meta":"","astra-migrate-meta-layouts":"default","ast-page-background-enabled":"default","ast-page-background-meta":{"desktop":{"background-color":"var(--ast-global-color-4)","background-image":"","background-repeat":"repeat","background-position":"center center","background-size":"auto","background-attachment":"scroll","background-type":"","background-media":"","overlay-type":"","overlay-color":"","overlay-opacity":"","overlay-gradient":""},"tablet":{"background-color":"","background-image":"","background-repeat":"repeat","background-position":"center center","background-size":"auto","background-attachment":"scroll","background-type":"","background-media":"","overlay-type":"","overlay-color":"","overlay-opacity":"","overlay-gradient":""},"mobile":{"background-color":"","background-image":"","background-repeat":"repeat","background-position":"center center","background-size":"auto","background-attachment":"scroll","background-type":"","background-media":"","overlay-type":"","overlay-color":"","overlay-opacity":"","overlay-gradient":""}},"ast-content-background-meta":{"desktop":{"background-color":"var(--ast-global-color-5)","background-image":"","background-repeat":"repeat","background-position":"center center","background-size":"auto","background-attachment":"scroll","background-type":"","background-media":"","overlay-type":"","overlay-color":"","overlay-opacity":"","overlay-gradient":""},"tablet":{"background-color":"var(--ast-global-color-5)","background-image":"","background-repeat":"repeat","background-position":"center center","background-size":"auto","background-attachment":"scroll","background-type":"","background-media":"","overlay-type":"","overlay-color":"","overlay-opacity":"","overlay-gradient":""},"mobile":{"background-color":"var(--ast-global-color-5)","background-image":"","background-repeat":"repeat","background-position":"center center","background-size":"auto","background-attachment":"scroll","background-type":"","background-media":"","overlay-type":"","overlay-color":"","overlay-opacity":"","overlay-gradient":""}},"footnotes":""},"categories":[1537],"tags":[],"class_list":["post-6429","post","type-post","status-publish","format-standard","hentry","category-chauffage-electricite"],"_links":{"self":[{"href":"https:\/\/www.travaux-hebdo.com\/blog\/wp-json\/wp\/v2\/posts\/6429","targetHints":{"allow":["GET"]}}],"collection":[{"href":"https:\/\/www.travaux-hebdo.com\/blog\/wp-json\/wp\/v2\/posts"}],"about":[{"href":"https:\/\/www.travaux-hebdo.com\/blog\/wp-json\/wp\/v2\/types\/post"}],"author":[{"embeddable":true,"href":"https:\/\/www.travaux-hebdo.com\/blog\/wp-json\/wp\/v2\/users\/7"}],"replies":[{"embeddable":true,"href":"https:\/\/www.travaux-hebdo.com\/blog\/wp-json\/wp\/v2\/comments?post=6429"}],"version-history":[{"count":0,"href":"https:\/\/www.travaux-hebdo.com\/blog\/wp-json\/wp\/v2\/posts\/6429\/revisions"}],"wp:attachment":[{"href":"https:\/\/www.travaux-hebdo.com\/blog\/wp-json\/wp\/v2\/media?parent=6429"}],"wp:term":[{"taxonomy":"category","embeddable":true,"href":"https:\/\/www.travaux-hebdo.com\/blog\/wp-json\/wp\/v2\/categories?post=6429"},{"taxonomy":"post_tag","embeddable":true,"href":"https:\/\/www.travaux-hebdo.com\/blog\/wp-json\/wp\/v2\/tags?post=6429"}],"curies":[{"name":"wp","href":"https:\/\/api.w.org\/{rel}","templated":true}]}}