{"id":6428,"date":"2026-03-18T12:05:17","date_gmt":"2026-03-18T06:35:17","guid":{"rendered":"https:\/\/www.travaux-hebdo.com\/blog\/electricite-verte-vattenfall-un-vrai-engagement-ecologique"},"modified":"2026-03-18T12:05:17","modified_gmt":"2026-03-18T06:35:17","slug":"electricite-verte-vattenfall-un-vrai-engagement-ecologique","status":"publish","type":"post","link":"https:\/\/www.travaux-hebdo.com\/blog\/electricite-verte-vattenfall-un-vrai-engagement-ecologique","title":{"rendered":"\u00c9lectricit\u00e9 verte Vattenfall : Un vrai engagement \u00e9cologique ?"},"content":{"rendered":"<p><div>\n<p>Comment Vattenfall se positionne-t-il dans le secteur de l&rsquo;<strong>\u00e9lectricit\u00e9 verte<\/strong> ? Quels sont les engagements \u00e9cologiques de l&rsquo;entreprise et leur v\u00e9ritable impact sur l&rsquo;environnement ? Cette initiative permet-elle de r\u00e9pondre aux enjeux \u00e9nerg\u00e9tiques actuels ?<\/p>\n<p>Vattenfall affirme son engagement en faveur de l&rsquo;<strong>\u00e9cologie<\/strong> \u00e0 travers diverses initiatives visant \u00e0 promouvoir l&rsquo;<strong>\u00e9nergie renouvelable<\/strong>. L&rsquo;entreprise met en avant des projets tels que l&rsquo;augmentation de la capacit\u00e9 de production d&rsquo;\u00e9lectricit\u00e9 \u00e0 partir de ressources <strong>soutenables<\/strong> et l&rsquo;am\u00e9lioration de l&rsquo;efficacit\u00e9 \u00e9nerg\u00e9tique. Gr\u00e2ce \u00e0 des investissements significatifs dans les infrastructures vertes, Vattenfall aspire \u00e0 r\u00e9duire son empreinte <strong>carbone<\/strong> et \u00e0 contribuer \u00e0 la lutte contre le changement climatique.<\/p>\n<p>Avec une offre d\u00e9di\u00e9e \u00e0 l&rsquo;<strong>\u00e9lectricit\u00e9 verte<\/strong>, Vattenfall propose des solutions qui s&rsquo;adressent aux particuliers et aux entreprises d\u00e9sireux de consommer une \u00e9nergie plus respectueuse de l&rsquo;environnement. Toutefois, il est essentiel d&rsquo;examiner de pr\u00e8s les r\u00e9sultats concrets de ces actions pour d\u00e9terminer si elles r\u00e9pondent v\u00e9ritablement aux attentes \u00e9cologiques des consommateurs.<\/p>\n<\/div><\/p>\n\n<figure class=\"is-provider-youtube is-type-video wp-block-embed wp-block-embed-youtube wp-embed-aspect-16-9 wp-has-aspect-ratio\"><div class=\"wp-block-embed__wrapper\">\n<iframe title=\"Les panneaux photovolta\u00efques, une solution \u00e9cologique efficace ?\" width=\"500\" height=\"281\" src=\"https:\/\/www.youtube.com\/embed\/UVLZVAMsur0?feature=oembed\" frameborder=\"0\" allow=\"accelerometer; autoplay; clipboard-write; encrypted-media; gyroscope; picture-in-picture; web-share\" referrerpolicy=\"strict-origin-when-cross-origin\" allowfullscreen><\/iframe>\n<\/div><\/figure>\n\n<h1 class=\"wp-block-heading\">Optimiser l&rsquo;\u00c9nergie \u00c9lectrique \u00e0 Domicile : Astuces Pratiques<\/h1>\n\n<p>Dans un environnement o\u00f9 la consommation d&rsquo;\u00e9lectricit\u00e9 est un enjeu majeur, il est essentiel de mettre en place des strat\u00e9gies efficaces pour r\u00e9duire les d\u00e9penses tout en maintenant le confort \u00e0 domicile. Je vais partager avec vous des astuces pratiques qui vous permettront d&rsquo;optimiser votre consommation \u00e9lectrique.<\/p>\n\n<div id=\"ez-toc-container\" class=\"ez-toc-v2_0_82_2 counter-hierarchy ez-toc-counter ez-toc-custom ez-toc-container-direction\">\n<div class=\"ez-toc-title-container\">\n<div class=\"ez-toc-title ez-toc-toggle\" style=\"cursor:pointer\">Sommaire : <\/div>\n<span class=\"ez-toc-title-toggle\"><a href=\"#\" class=\"ez-toc-pull-right ez-toc-btn ez-toc-btn-xs ez-toc-btn-default ez-toc-toggle\" aria-label=\"Toggle Table of Content\"><span class=\"ez-toc-js-icon-con\"><span class=\"\"><span class=\"eztoc-hide\" style=\"display:none;\">Toggle<\/span><span class=\"ez-toc-icon-toggle-span\"><svg style=\"fill: #545454;color:#545454\" xmlns=\"http:\/\/www.w3.org\/2000\/svg\" class=\"list-377408\" width=\"20px\" height=\"20px\" viewBox=\"0 0 24 24\" fill=\"none\"><path d=\"M6 6H4v2h2V6zm14 0H8v2h12V6zM4 11h2v2H4v-2zm16 0H8v2h12v-2zM4 16h2v2H4v-2zm16 0H8v2h12v-2z\" fill=\"currentColor\"><\/path><\/svg><svg style=\"fill: #545454;color:#545454\" class=\"arrow-unsorted-368013\" xmlns=\"http:\/\/www.w3.org\/2000\/svg\" width=\"10px\" height=\"10px\" viewBox=\"0 0 24 24\" version=\"1.2\" baseProfile=\"tiny\"><path d=\"M18.2 9.3l-6.2-6.3-6.2 6.3c-.2.2-.3.4-.3.7s.1.5.3.7c.2.2.4.3.7.3h11c.3 0 .5-.1.7-.3.2-.2.3-.5.3-.7s-.1-.5-.3-.7zM5.8 14.7l6.2 6.3 6.2-6.3c.2-.2.3-.5.3-.7s-.1-.5-.3-.7c-.2-.2-.4-.3-.7-.3h-11c-.3 0-.5.1-.7.3-.2.2-.3.5-.3.7s.1.5.3.7z\"\/><\/svg><\/span><\/span><\/span><\/a><\/span><\/div>\n<nav><ul class='ez-toc-list ez-toc-list-level-1 ' ><li class='ez-toc-page-1 ez-toc-heading-level-2'><a class=\"ez-toc-link ez-toc-heading-1\" href=\"https:\/\/www.travaux-hebdo.com\/blog\/electricite-verte-vattenfall-un-vrai-engagement-ecologique\/#Pourquoi-optimiser-sa-consommation-delectricite\" >Pourquoi optimiser sa consommation d&rsquo;\u00e9lectricit\u00e9 ?<\/a><ul class='ez-toc-list-level-3' ><li class='ez-toc-heading-level-3'><a class=\"ez-toc-link ez-toc-heading-2\" href=\"https:\/\/www.travaux-hebdo.com\/blog\/electricite-verte-vattenfall-un-vrai-engagement-ecologique\/#Les-installations-a-privilegier\" >Les installations \u00e0 privil\u00e9gier<\/a><\/li><li class='ez-toc-page-1 ez-toc-heading-level-3'><a class=\"ez-toc-link ez-toc-heading-3\" href=\"https:\/\/www.travaux-hebdo.com\/blog\/electricite-verte-vattenfall-un-vrai-engagement-ecologique\/#Le-choix-des-appareils-electromenagers\" >Le choix des appareils \u00e9lectrom\u00e9nagers<\/a><\/li><\/ul><\/li><li class='ez-toc-page-1 ez-toc-heading-level-2'><a class=\"ez-toc-link ez-toc-heading-4\" href=\"https:\/\/www.travaux-hebdo.com\/blog\/electricite-verte-vattenfall-un-vrai-engagement-ecologique\/#Les-alternatives-a-lelectricite\" >Les alternatives \u00e0 l&rsquo;\u00e9lectricit\u00e9<\/a><\/li><li class='ez-toc-page-1 ez-toc-heading-level-2'><a class=\"ez-toc-link ez-toc-heading-5\" href=\"https:\/\/www.travaux-hebdo.com\/blog\/electricite-verte-vattenfall-un-vrai-engagement-ecologique\/#Preparation-aux-imprevus\" >Pr\u00e9paration aux impr\u00e9vus<\/a><\/li><li class='ez-toc-page-1 ez-toc-heading-level-2'><a class=\"ez-toc-link ez-toc-heading-6\" href=\"https:\/\/www.travaux-hebdo.com\/blog\/electricite-verte-vattenfall-un-vrai-engagement-ecologique\/#Se-passer-totalement-delectricite-un-reve-realisable\" >Se passer totalement d&rsquo;\u00e9lectricit\u00e9 : un r\u00eave r\u00e9alisable ?<\/a><\/li><li class='ez-toc-page-1 ez-toc-heading-level-2'><a class=\"ez-toc-link ez-toc-heading-7\" href=\"https:\/\/www.travaux-hebdo.com\/blog\/electricite-verte-vattenfall-un-vrai-engagement-ecologique\/#Resume-des-points-cles\" >R\u00e9sum\u00e9 des points cl\u00e9s<\/a><\/li><li class='ez-toc-page-1 ez-toc-heading-level-2'><a class=\"ez-toc-link ez-toc-heading-8\" href=\"https:\/\/www.travaux-hebdo.com\/blog\/electricite-verte-vattenfall-un-vrai-engagement-ecologique\/#Comparaison-de-lelectricite-verte-proposee-par-Vattenfall\" >Comparaison de l&rsquo;\u00e9lectricit\u00e9 verte propos\u00e9e par Vattenfall<\/a><\/li><li class='ez-toc-page-1 ez-toc-heading-level-2'><a class=\"ez-toc-link ez-toc-heading-9\" href=\"https:\/\/www.travaux-hebdo.com\/blog\/electricite-verte-vattenfall-un-vrai-engagement-ecologique\/#Engagement-ecologique-de-Vattenfall-en-matiere-delectricite-verte\" >Engagement \u00e9cologique de Vattenfall en mati\u00e8re d&rsquo;\u00e9lectricit\u00e9 verte<\/a><\/li><\/ul><\/nav><\/div>\n<h2 class=\"wp-block-heading\"><span class=\"ez-toc-section\" id=\"Pourquoi-optimiser-sa-consommation-delectricite\"><\/span>Pourquoi optimiser sa consommation d&rsquo;\u00e9lectricit\u00e9 ?<span class=\"ez-toc-section-end\"><\/span><\/h2>\n\n<p>Optimiser votre consommation d&rsquo;\u00e9lectricit\u00e9 contribue non seulement \u00e0 r\u00e9duire votre facture, mais \u00e9galement \u00e0 diminuer votre empreinte \u00e9cologique. Une gestion \u00e9clair\u00e9e de votre consommation peut faire la diff\u00e9rence, et chaque geste compte.<\/p>\n\n<h3 class=\"wp-block-heading\"><span class=\"ez-toc-section\" id=\"Les-installations-a-privilegier\"><\/span>Les installations \u00e0 privil\u00e9gier<span class=\"ez-toc-section-end\"><\/span><\/h3>\n\n<p>Adopter une <strong>\u00e9lectricit\u00e9 apparente<\/strong> peut servir vos besoins, surtout dans les r\u00e9novations. Ce type d&rsquo;installation est souvent moins co\u00fbteux en travaux, et il est important de consid\u00e9rer son esth\u00e9tique dans votre int\u00e9rieur. Vous pouvez en savoir plus sur cette m\u00e9thode <a href=\"https:\/\/www.travaux-hebdo.com\/blog\/electricite-apparente-est-ce-une-bonne-idee-pour-votre-interieur\">ici<\/a>.<\/p>\n\n<h3 class=\"wp-block-heading\"><span class=\"ez-toc-section\" id=\"Le-choix-des-appareils-electromenagers\"><\/span>Le choix des appareils \u00e9lectrom\u00e9nagers<span class=\"ez-toc-section-end\"><\/span><\/h3>\n\n<p>Investir dans des appareils de qualit\u00e9 et \u00e9nerg\u00e9tiquement efficaces est crucial. Par exemple, un <strong>lave-vaisselle<\/strong> peut vous aider \u00e0 \u00e9conomiser de l&rsquo;\u00e9nergie et de l&rsquo;eau. D\u00e9couvrez des astuces pratiques pour choisir le bon mod\u00e8le et optimiser son utilisation <a href=\"https:\/\/www.travaux-hebdo.com\/blog\/economiser-de-lenergie-avec-un-lave-vaisselle-astuces-pratiques\">ici<\/a>.<\/p>\n\n<h2 class=\"wp-block-heading\"><span class=\"ez-toc-section\" id=\"Les-alternatives-a-lelectricite\"><\/span>Les alternatives \u00e0 l&rsquo;\u00e9lectricit\u00e9<span class=\"ez-toc-section-end\"><\/span><\/h2>\n\n<p>R\u00e9fl\u00e9chir \u00e0 des options alternatives peut \u00e9galement s&rsquo;av\u00e9rer judicieux. Parfois, il est possible de se passer d&rsquo;\u00e9lectricit\u00e9 pour certaines t\u00e2ches quotidiennes. Pour savoir comment faire de la <strong>lumi\u00e8re sans \u00e9lectricit\u00e9<\/strong>, consultez les recommandations <a href=\"https:\/\/www.travaux-hebdo.com\/blog\/comment-faire-de-la-lumiere-sans-electricite\">ici<\/a>.<\/p>\n\n<h2 class=\"wp-block-heading\"><span class=\"ez-toc-section\" id=\"Preparation-aux-imprevus\"><\/span>Pr\u00e9paration aux impr\u00e9vus<span class=\"ez-toc-section-end\"><\/span><\/h2>\n\n<p>Il est essentiel de penser aux accidents \u00e9lectriques. Une bonne assurance peut couvrir les d\u00e9g\u00e2ts \u00e9lectriques \u00e9ventuels. V\u00e9rifiez les d\u00e9tails de votre contrat d&rsquo;assurance en consultant cet article <a href=\"https:\/\/www.travaux-hebdo.com\/blog\/votre-assurance-couvre-t-elle-les-degats-electriques-reponses-ici\">ici<\/a>.<\/p>\n\n<h2 class=\"wp-block-heading\"><span class=\"ez-toc-section\" id=\"Se-passer-totalement-delectricite-un-reve-realisable\"><\/span>Se passer totalement d&rsquo;\u00e9lectricit\u00e9 : un r\u00eave r\u00e9alisable ?<span class=\"ez-toc-section-end\"><\/span><\/h2>\n\n<p>La question de la survie sans \u00e9lectricit\u00e9 a suscit\u00e9 de nombreux d\u00e9bats. Est-il r\u00e9ellement possible de vivre sans ? Vous trouverez des possibles r\u00e9ponses \u00e0 cette interrogation <a href=\"https:\/\/www.travaux-hebdo.com\/blog\/survie-et-autonomie-est-il-possible-de-se-passer-totalement-delectricite\">ici<\/a>.<\/p>\n\n<h2 class=\"wp-block-heading\"><span class=\"ez-toc-section\" id=\"Resume-des-points-cles\"><\/span>R\u00e9sum\u00e9 des points cl\u00e9s<span class=\"ez-toc-section-end\"><\/span><\/h2>\n\n<figure class=\"wp-block-table\"><table>\n<tr>\n<th>Astuces<\/th>\n<th>B\u00e9n\u00e9fices<\/th>\n<\/tr>\n<tr>\n<td>Utilisation d&rsquo;appareils \u00e9conomes en \u00e9nergie<\/td>\n<td>R\u00e9duction de la facture \u00e9lectrique<\/td>\n<\/tr>\n<tr>\n<td>\u00c9lectricit\u00e9 apparente<\/td>\n<td>Co\u00fbts de r\u00e9novation minimis\u00e9s<\/td>\n<\/tr>\n<tr>\n<td>Pr\u00e9cautions d&rsquo;assurance contre les d\u00e9g\u00e2ts<\/td>\n<td>S\u00e9r\u00e9nit\u00e9 face aux impr\u00e9vus<\/td>\n<\/tr>\n<tr>\n<td>Alternatives \u00e0 l&rsquo;\u00e9lectricit\u00e9<\/td>\n<td>Autonomie potentielle<\/td>\n<\/tr>\n<\/table><\/figure>\n\n<h2 class=\"wp-block-heading\"><span class=\"ez-toc-section\" id=\"Comparaison-de-lelectricite-verte-proposee-par-Vattenfall\"><\/span>Comparaison de l&rsquo;\u00e9lectricit\u00e9 verte propos\u00e9e par Vattenfall<span class=\"ez-toc-section-end\"><\/span><\/h2>\n\n<figure class=\"wp-block-table\"><table>\n<tr>\n<th>Axe de comparaison<\/th>\n<th>\u00c9lectricit\u00e9 verte Vattenfall<\/th>\n<\/tr>\n<tr>\n<td>Source d&rsquo;\u00e9nergie<\/td>\n<td>100% renouvelable, provenant de l\u2019hydro\u00e9lectricit\u00e9, du solaire et de l\u2019\u00e9olien.<\/td>\n<\/tr>\n<tr>\n<td>Certifications<\/td>\n<td>Label \u00ab Green Energy \u00bb et garantie d&rsquo;origine.<\/td>\n<\/tr>\n<tr>\n<td>Impact carbone<\/td>\n<td>R\u00e9duction significative des \u00e9missions de CO2 par rapport aux sources fossiles.<\/td>\n<\/tr>\n<tr>\n<td>Tarification<\/td>\n<td>Souvent plus comp\u00e9titif que l&rsquo;\u00e9lectricit\u00e9 classique.<\/td>\n<\/tr>\n<tr>\n<td>Engagement social<\/td>\n<td>Financement de projets locaux \u00e9cologiques, soutien aux communaut\u00e9s.<\/td>\n<\/tr>\n<tr>\n<td>Transparence<\/td>\n<td>Rapports clairs sur la provenance de l&rsquo;\u00e9nergie vendue.<\/td>\n<\/tr>\n<tr>\n<td>Accessibilit\u00e9<\/td>\n<td>Offre disponible pour les particuliers et les entreprises.<\/td>\n<\/tr>\n<tr>\n<td>Innovation<\/td>\n<td>Investissements continus dans les technologies vertes.<\/td>\n<\/tr>\n<tr>\n<td>Satisfaction client<\/td>\n<td>Note \u00e9lev\u00e9e sur les avis clients concernant la durabilit\u00e9.<\/td>\n<\/tr>\n<tr>\n<td>Partenariats<\/td>\n<td>Collaboration avec des organisations \u00e9cologiques pour des initiatives vertes.<\/td>\n<\/tr>\n<\/table><\/figure>\n\n<h2 class=\"wp-block-heading\"><span class=\"ez-toc-section\" id=\"Engagement-ecologique-de-Vattenfall-en-matiere-delectricite-verte\"><\/span>Engagement \u00e9cologique de Vattenfall en mati\u00e8re d&rsquo;\u00e9lectricit\u00e9 verte<span class=\"ez-toc-section-end\"><\/span><\/h2>\n\n<p>Vattenfall, l&rsquo;un des principaux fournisseurs d&rsquo;\u00e9nergie en Europe, met un accent particulier sur l&rsquo;\u00e9lectricit\u00e9 verte. L&rsquo;entreprise s&rsquo;est engag\u00e9e \u00e0 r\u00e9duire son empreinte carbone et \u00e0 contribuer \u00e0 un avenir \u00e9nerg\u00e9tique durable. Cet engagement se traduit par des investissements significatifs dans les \u00e9nergies renouvelables, notamment l&rsquo;\u00e9olien et le solaire. En choisissant des sources d&rsquo;\u00e9nergie durable, Vattenfall vise \u00e0 r\u00e9pondre aux besoins croissants en \u00e9lectricit\u00e9 tout en pr\u00e9servant l&rsquo;environnement.<\/p>\n\n<p>La transition \u00e9nerg\u00e9tique est au c\u0153ur de la strat\u00e9gie de Vattenfall. En favorisant le d\u00e9veloppement d&rsquo;infrastructures vertes, l&rsquo;entreprise participe activement \u00e0 la lutte contre le changement climatique. Par exemple, les projets d&rsquo;\u00e9oliennes offshore et de parcs solaires \u00e0 grande \u00e9chelle sont con\u00e7us pour fournir une \u00e9lectricit\u00e9 respectueuse de l&rsquo;environnement. Cela permet non seulement de fournir de l&rsquo;\u00e9nergie aux consommateurs, mais \u00e9galement de cr\u00e9er des emplois dans les r\u00e9gions o\u00f9 ces projets sont implant\u00e9s.<\/p>\n\n<p>Par ailleurs, Vattenfall ne se contente pas de vendre de l&rsquo;\u00e9lectricit\u00e9 dite verte ; elle s&rsquo;engage \u00e9galement \u00e0 \u00e9duquer ses clients sur les avantages de l&rsquo;\u00e9nergie durable. Des initiatives de sensibilisation sont mises en place pour encourager les consommateurs \u00e0 r\u00e9duire leur consommation d&rsquo;\u00e9nergie et \u00e0 adopter des habitudes plus durables. En promouvant l\u2019efficacit\u00e9 \u00e9nerg\u00e9tique, l\u2019entreprise souhaite d\u00e9velopper une culture de durabilit\u00e9 au sein de la soci\u00e9t\u00e9.<\/p>\n\n<p>Toutefois, des d\u00e9fis subsistent. La d\u00e9pendance \u00e0 l&rsquo;\u00e9gard des \u00e9nergies fossiles dans certains aspects de ses op\u00e9rations soul\u00e8ve des questions quant \u00e0 la port\u00e9e r\u00e9elle de cet engagement. Le passage \u00e0 une \u00e9conomie exclusivement verte n\u00e9cessitera des efforts continuels et des innovations technologiques pour surmonter ces obstacles. N\u00e9anmoins, l&rsquo;orientation actuelle de Vattenfall vers l&rsquo;\u00e9lectricit\u00e9 verte d\u00e9montre une volont\u00e9 d\u00e9termin\u00e9e de transformer le secteur \u00e9nerg\u00e9tique en faveur de l&rsquo;\u00e9cologie.<\/p>\n\n","protected":false},"excerpt":{"rendered":"<p>Comment Vattenfall se positionne-t-il dans le secteur de l&rsquo;\u00e9lectricit\u00e9 verte ? Quels sont les engagements \u00e9cologiques de l&rsquo;entreprise et leur [&hellip;]<\/p>\n","protected":false},"author":7,"featured_media":0,"comment_status":"open","ping_status":"close","sticky":false,"template":"","format":"standard","meta":{"site-sidebar-layout":"default","site-content-layout":"","ast-site-content-layout":"default","site-content-style":"default","site-sidebar-style":"default","ast-global-header-display":"","ast-banner-title-visibility":"","ast-main-header-display":"","ast-hfb-above-header-display":"","ast-hfb-below-header-display":"","ast-hfb-mobile-header-display":"","site-post-title":"","ast-breadcrumbs-content":"","ast-featured-img":"","footer-sml-layout":"","ast-disable-related-posts":"","theme-transparent-header-meta":"","adv-header-id-meta":"","stick-header-meta":"","header-above-stick-meta":"","header-main-stick-meta":"","header-below-stick-meta":"","astra-migrate-meta-layouts":"default","ast-page-background-enabled":"default","ast-page-background-meta":{"desktop":{"background-color":"var(--ast-global-color-4)","background-image":"","background-repeat":"repeat","background-position":"center center","background-size":"auto","background-attachment":"scroll","background-type":"","background-media":"","overlay-type":"","overlay-color":"","overlay-opacity":"","overlay-gradient":""},"tablet":{"background-color":"","background-image":"","background-repeat":"repeat","background-position":"center center","background-size":"auto","background-attachment":"scroll","background-type":"","background-media":"","overlay-type":"","overlay-color":"","overlay-opacity":"","overlay-gradient":""},"mobile":{"background-color":"","background-image":"","background-repeat":"repeat","background-position":"center center","background-size":"auto","background-attachment":"scroll","background-type":"","background-media":"","overlay-type":"","overlay-color":"","overlay-opacity":"","overlay-gradient":""}},"ast-content-background-meta":{"desktop":{"background-color":"var(--ast-global-color-5)","background-image":"","background-repeat":"repeat","background-position":"center center","background-size":"auto","background-attachment":"scroll","background-type":"","background-media":"","overlay-type":"","overlay-color":"","overlay-opacity":"","overlay-gradient":""},"tablet":{"background-color":"var(--ast-global-color-5)","background-image":"","background-repeat":"repeat","background-position":"center center","background-size":"auto","background-attachment":"scroll","background-type":"","background-media":"","overlay-type":"","overlay-color":"","overlay-opacity":"","overlay-gradient":""},"mobile":{"background-color":"var(--ast-global-color-5)","background-image":"","background-repeat":"repeat","background-position":"center center","background-size":"auto","background-attachment":"scroll","background-type":"","background-media":"","overlay-type":"","overlay-color":"","overlay-opacity":"","overlay-gradient":""}},"footnotes":""},"categories":[1537],"tags":[],"class_list":["post-6428","post","type-post","status-publish","format-standard","hentry","category-chauffage-electricite"],"_links":{"self":[{"href":"https:\/\/www.travaux-hebdo.com\/blog\/wp-json\/wp\/v2\/posts\/6428","targetHints":{"allow":["GET"]}}],"collection":[{"href":"https:\/\/www.travaux-hebdo.com\/blog\/wp-json\/wp\/v2\/posts"}],"about":[{"href":"https:\/\/www.travaux-hebdo.com\/blog\/wp-json\/wp\/v2\/types\/post"}],"author":[{"embeddable":true,"href":"https:\/\/www.travaux-hebdo.com\/blog\/wp-json\/wp\/v2\/users\/7"}],"replies":[{"embeddable":true,"href":"https:\/\/www.travaux-hebdo.com\/blog\/wp-json\/wp\/v2\/comments?post=6428"}],"version-history":[{"count":0,"href":"https:\/\/www.travaux-hebdo.com\/blog\/wp-json\/wp\/v2\/posts\/6428\/revisions"}],"wp:attachment":[{"href":"https:\/\/www.travaux-hebdo.com\/blog\/wp-json\/wp\/v2\/media?parent=6428"}],"wp:term":[{"taxonomy":"category","embeddable":true,"href":"https:\/\/www.travaux-hebdo.com\/blog\/wp-json\/wp\/v2\/categories?post=6428"},{"taxonomy":"post_tag","embeddable":true,"href":"https:\/\/www.travaux-hebdo.com\/blog\/wp-json\/wp\/v2\/tags?post=6428"}],"curies":[{"name":"wp","href":"https:\/\/api.w.org\/{rel}","templated":true}]}}